{"id":647,"date":"2017-08-20T17:33:56","date_gmt":"2017-08-20T14:33:56","guid":{"rendered":"https:\/\/wgaut.arielko.net\/?p=647"},"modified":"2024-01-03T19:02:32","modified_gmt":"2024-01-03T17:02:32","slug":"at170820","status":"publish","type":"post","link":"https:\/\/greceautrement.fr\/?p=647","title":{"rendered":"Ath\u00e8nes par Sophia"},"content":{"rendered":"<div class=\"zTxtJ\">\r\n<p>Avec ma fille de 11 ans, nous avons fait il y a quelques jours la ballade p\u00e9destre \u201cAth\u00e8nes Autrement\u201d et c\u2019\u00e9tait absolument passionnant !<\/p>\r\n<iframe loading=\"lazy\" class=\"zFramS\" src=\"zkmods\/ssb\/ssb.php?n=atsz170820&amp;f=0&amp;t=5\" width=\"650\" height=\"370\"><\/iframe>\r\n<p>Guid\u00e9e par Panagi\u00f3tis Grigor\u00edou, l\u2019auteur du blog greekcrisis, \u00e9galement historien et ethnologue, cette promenade dans les rues de l\u2019hyper centre et du centre \u00e9largi de la capitale grecque a pour fil conducteur les points marquants de l\u2019\u00e9poque moderne et contemporaine, \u00e0 partir du XIXe si\u00e8cle notamment. Le parcours passe aussi \u00e0 proximit\u00e9 d\u2019antiquit\u00e9s, forc\u00e9ment, m\u00eame si elles n\u2019en sont pas vraiment l\u2019objectif.<\/p>\r\n<p>Au pr\u00e9alable, afin que ma fille ait quelques points de rep\u00e8res, Panagi\u00f3tis nous a fait un r\u00e9sum\u00e9 captivant de l\u2019histoire de la Gr\u00e8ce et d\u2019Ath\u00e8nes, de l\u2019\u00e9poque classique \u00e0 nos jours. 2500 ans en moins d\u2019une heure, dans un caf\u00e9 de la place S\u00fdntagma! Ma fille a \u00e9cout\u00e9 cela comme on \u00e9coute une histoire, totalement absorb\u00e9e. Mon seul regret est de ne pas avoir enregistr\u00e9 ce r\u00e9sum\u00e9 magistral&#8230; Elle ne se souviendra pas de tout, mais elle a trouv\u00e9 que c\u2019\u00e9tait super&#8230; euh, non, c\u2019\u00e9tait g\u00e9nialissime!<\/p>\r\n<p>Il y a d\u2019autres formules sur le site de Greece Terra Incognita, Attique, Thessalie: n\u2019h\u00e9sitez pas \u00e0 y aller! Pour cette ann\u00e9e il reste des disponibilit\u00e9s \u00e0 partir du 20 septembre, jusque vers fin octobre.<\/p>\r\n<p>L\u2019an prochain, il se pourrait bien que nous fassions l\u2019excursion en Thessalie.<\/p>\r\n<em>Sophia (Paris, France)<\/em>\r\n<\/div>\r\n","protected":false},"excerpt":{"rendered":"Avec ma fille de 11 ans, nous avons fait il y a quelques jours la ballade p\u00e9destre \u201cAth\u00e8nes Autrement\u201d et c\u2019\u00e9tait absolument passionnant ! Guid\u00e9e par Panagi\u00f3tis Grigor\u00edou, l\u2019auteur du blog greekcrisis, \u00e9galement historien et ethnologue, cette promenade dans les rues de l\u2019hyper centre et du centre \u00e9largi de la capitale grecque a pour fil &hellip; <p class=\"link-more\"><a href=\"https:\/\/greceautrement.fr\/?p=647\" class=\"more-link\">Continue reading<span class=\"screen-reader-text\"> \u00ab\u00a0Ath\u00e8nes par Sophia\u00a0\u00bb<\/span><\/a><\/p>","protected":false},"author":2,"featured_media":0,"comment_status":"open","ping_status":"open","sticky":false,"template":"","format":"standard","meta":{"footnotes":""},"categories":[12,1],"tags":[],"class_list":["post-647","post","type-post","status-publish","format-standard","hentry","category-ata","category-ava"],"_links":{"self":[{"href":"https:\/\/greceautrement.fr\/index.php?rest_route=\/wp\/v2\/posts\/647","targetHints":{"allow":["GET"]}}],"collection":[{"href":"https:\/\/greceautrement.fr\/index.php?rest_route=\/wp\/v2\/posts"}],"about":[{"href":"https:\/\/greceautrement.fr\/index.php?rest_route=\/wp\/v2\/types\/post"}],"author":[{"embeddable":true,"href":"https:\/\/greceautrement.fr\/index.php?rest_route=\/wp\/v2\/users\/2"}],"replies":[{"embeddable":true,"href":"https:\/\/greceautrement.fr\/index.php?rest_route=%2Fwp%2Fv2%2Fcomments&post=647"}],"version-history":[{"count":0,"href":"https:\/\/greceautrement.fr\/index.php?rest_route=\/wp\/v2\/posts\/647\/revisions"}],"wp:attachment":[{"href":"https:\/\/greceautrement.fr\/index.php?rest_route=%2Fwp%2Fv2%2Fmedia&parent=647"}],"wp:term":[{"taxonomy":"category","embeddable":true,"href":"https:\/\/greceautrement.fr\/index.php?rest_route=%2Fwp%2Fv2%2Fcategories&post=647"},{"taxonomy":"post_tag","embeddable":true,"href":"https:\/\/greceautrement.fr\/index.php?rest_route=%2Fwp%2Fv2%2Ftags&post=647"}],"curies":[{"name":"wp","href":"https:\/\/api.w.org\/{rel}","templated":true}]}}