{"id":561,"date":"2015-08-17T19:16:16","date_gmt":"2015-08-17T16:16:16","guid":{"rendered":"https:\/\/wgaut.arielko.net\/?p=561"},"modified":"2024-01-01T22:20:43","modified_gmt":"2024-01-01T20:20:43","slug":"sasz150817","status":"publish","type":"post","link":"https:\/\/greceautrement.fr\/?p=561","title":{"rendered":"Ath\u00e8nes &#038; Cyclades en voilier par  Denis"},"content":{"rendered":"<div class=\"zTxtJ\">\r\n<p>Le projet de notre voyage en Gr\u00e8ce est n\u00e9 de la lecture du blog Greek Crisis de Panagi\u00f3tis et d\u2019une envie de fouler les lieux dont les histoires fondatrices sont les n\u00f4tres. Nous avons eu la chance de pouvoir partir avec nos 5 enfants, de 17 \u00e0 28 ans, fin ao\u00fbt et nous avons rejoint le bateau que Panagi\u00f3tis avait affr\u00e9t\u00e9 dans la marina d\u2019Ath\u00e8nes.<\/p>\r\n<p>Le temps de quelques courses et de l\u2019installation dans de spacieuses cabines, pour la plupart d\u2019entre nous, c\u2019\u00e9tait la premi\u00e8re exp\u00e9rience dans un voilier, nous avons pris la mer.<\/p>\r\n<iframe loading=\"lazy\" class=\"zFramS\" src=\"https:\/\/wgaut.arielko.net\/zkmods\/ssb\/ssb.php?n=sasz150817&#038;f=0&#038;t=5\" width=\"522\" height=\"298\"><\/iframe>\r\n<p>La premi\u00e8re \u00e9tape de notre travers\u00e9e nous conduira \u00e0 l\u2019\u00eele de K\u00e9a. La force des vagues alors mis certains d\u2019entre nous \u00e0 l\u2019\u00e9preuve. Apr\u00e8s quelques pas dans un joli port, nous sommes all\u00e9s d\u00e9couvrir l\u2019int\u00e9rieur de l\u2019\u00eele et ses coteaux enti\u00e8rement travaill\u00e9s par l\u2019homme.<\/p>\r\n<p>Du haut du village-capitale de l\u2019\u00eele, bien cach\u00e9 pour \u00eatre prot\u00e9g\u00e9 des vents et des incursions \u00e9trang\u00e8res d\u2019autrefois, nous avons pu admirer, entre les murs blanchis des ruelles \u00e9troites, les derniers rayons du soleil tombant dans la mer et \u00e0 l\u2019horizon les sombres silhouettes des \u00eeles voisines.<\/p>\r\n<p>La premi\u00e8re nuit dans le bateau a rassur\u00e9 les membres de l\u2019\u00e9quipage les plus inquiets et chacun ayant retrouv\u00e9 des forces, nous sommes repartis pour&#8230; Malgr\u00e9 les vagues encore fortes, la maitrise de notre skipper a permis une agr\u00e9able seconde \u00e9tape.<\/p>\r\n<p>Les \u00e9vocations de notre guide, la rudesse des paysages et la solitude de quelques ruines nous parlent bien de l\u2019\u00e2pret\u00e9 de la vie des \u00eeliens jusqu\u2019\u00e0 l\u2019essor des communications ais\u00e9es qui vont entrainer exils pour Ath\u00e8nes ou plus loin encore, et afflux touristiques, et ainsi, profond\u00e9ment modifier la fa\u00e7on de vivre de ces \u00eeles.<\/p>\r\n<p>Toujours sous un ciel bleu pur, nous atteignons Kythnos tout d\u2019abord en mouillant dans une merveilleuse crique \u00e0 double plage de sable blanc. Personne ne r\u00e9siste et tous se pr\u00e9cipitent \u00e0 l\u2019eau&#8230; Tous sauf le skipper qui s\u2019accorde une sieste dans la carr\u00e9e.<\/p>\r\n<p>Avant la fin d\u2019apr\u00e8s-midi, nous repartons pour trouver une place dans le port de M\u00e9richas. Plus vaste que notre pr\u00e9c\u00e9dente \u00e9tape, les quais offrent une vari\u00e9t\u00e9 de boutiques et un va et vient o\u00f9 se m\u00ealent gens de l\u2019\u00eele, r\u00e9sidents de l\u2019\u00e9t\u00e9 et touristes de passage au gr\u00e9 des arriv\u00e9es des ferries. Nous d\u00eenerons ce soir-l\u00e0, tranquillement, autour de notre skipper dans une taverne du port.<\/p>\r\n<p>Le choix est fait, pour notre troisi\u00e8me journ\u00e9e, de retourner profiter des richesses de notre double plage. Nous d\u00e9couvrons plus attentivement des fonds marins palpitants et nagerons jusqu\u2019\u00e0 une belle crique aux galets chauds et incroyablement color\u00e9s.<\/p>\r\n<p>De retour sur notre bateau, certains en profiteront pour peindre, jouer tranquillement de l\u2019ukul\u00e9l\u00e9 ou \u00e9changer avec Panagi\u00f3tis sur les mythes et l\u2019histoire des premiers occupants de l\u2019\u00eele. En fin d\u2019apr\u00e8s-midi nous regagnerons notre place au port, puis partirons en bus d\u00e9couvrir la capitale de l\u2019\u00eele Kythnos \u00e0 l\u2019int\u00e9rieur des terres.<\/p>\r\n<p>Parcourant ses ruelles blanchies et ses boutiques parfum\u00e9es en zigzaguant entre les autres visiteurs, nous imaginons sans peine ce que doit \u00eatre la cohue estivale. Gr\u00e2ce \u00e0 Panagi\u00f3tis, nous oserons commander des plats encore inconnus \u00e0 nos palais et nous nous r\u00e9galerons encore une fois.<\/p>\r\n<p>Le quatri\u00e8me jour sera celui du retour. La mer reste agit\u00e9e et ceux qui affronteront les vagues seront tout couverts de sel tels de vieux loups de mer \u00e0 leur arriv\u00e9e \u00e0 Ath\u00e8nes.<\/p>\r\n<p>Pour chacun, ce fut une belle aventure. Merci Panagi\u00f3tis.<\/p>\r\n<em>Denis D. (Grenoble, France)<\/em>\r\n<\/div>\r\n","protected":false},"excerpt":{"rendered":"Le projet de notre voyage en Gr\u00e8ce est n\u00e9 de la lecture du blog Greek Crisis de Panagi\u00f3tis et d\u2019une envie de fouler les lieux dont les histoires fondatrices sont les n\u00f4tres. Nous avons eu la chance de pouvoir partir avec nos 5 enfants, de 17 \u00e0 28 ans, fin ao\u00fbt et nous avons rejoint &hellip; <p class=\"link-more\"><a href=\"https:\/\/greceautrement.fr\/?p=561\" class=\"more-link\">Continue reading<span class=\"screen-reader-text\"> \u00ab\u00a0Ath\u00e8nes &#038; Cyclades en voilier par  Denis\u00a0\u00bb<\/span><\/a><\/p>","protected":false},"author":2,"featured_media":0,"comment_status":"open","ping_status":"open","sticky":false,"template":"","format":"standard","meta":{"footnotes":""},"categories":[12,19,1],"tags":[],"class_list":["post-561","post","type-post","status-publish","format-standard","hentry","category-ata","category-saa","category-ava"],"_links":{"self":[{"href":"https:\/\/greceautrement.fr\/index.php?rest_route=\/wp\/v2\/posts\/561","targetHints":{"allow":["GET"]}}],"collection":[{"href":"https:\/\/greceautrement.fr\/index.php?rest_route=\/wp\/v2\/posts"}],"about":[{"href":"https:\/\/greceautrement.fr\/index.php?rest_route=\/wp\/v2\/types\/post"}],"author":[{"embeddable":true,"href":"https:\/\/greceautrement.fr\/index.php?rest_route=\/wp\/v2\/users\/2"}],"replies":[{"embeddable":true,"href":"https:\/\/greceautrement.fr\/index.php?rest_route=%2Fwp%2Fv2%2Fcomments&post=561"}],"version-history":[{"count":0,"href":"https:\/\/greceautrement.fr\/index.php?rest_route=\/wp\/v2\/posts\/561\/revisions"}],"wp:attachment":[{"href":"https:\/\/greceautrement.fr\/index.php?rest_route=%2Fwp%2Fv2%2Fmedia&parent=561"}],"wp:term":[{"taxonomy":"category","embeddable":true,"href":"https:\/\/greceautrement.fr\/index.php?rest_route=%2Fwp%2Fv2%2Fcategories&post=561"},{"taxonomy":"post_tag","embeddable":true,"href":"https:\/\/greceautrement.fr\/index.php?rest_route=%2Fwp%2Fv2%2Ftags&post=561"}],"curies":[{"name":"wp","href":"https:\/\/api.w.org\/{rel}","templated":true}]}}