{"id":1388,"date":"2019-06-25T10:20:18","date_gmt":"2019-06-25T07:20:18","guid":{"rendered":"https:\/\/wgaut.arielko.net\/?p=1388"},"modified":"2024-01-01T18:27:55","modified_gmt":"2024-01-01T16:27:55","slug":"ma190625","status":"publish","type":"post","link":"https:\/\/greceautrement.fr\/?p=1388","title":{"rendered":"Mac\u00e9doine par Thecla &#038; sa Famille"},"content":{"rendered":"<div class=\"zTxtJ\">\r\n<p>Nous sommes partis en famille durant une semaine et nous avons fait confiance \u00e0 Panagi\u00f3tis et \u00e0 sa mani\u00e8re de nous r\u00e9v\u00e9ler son pays autrement, d\u00e9couvrant cette Gr\u00e8ce du nord qui nous \u00e9tait totalement nouvelle et inconnue.<\/p>\r\n<iframe loading=\"lazy\" class=\"zFramS\" src=\"zkmods\/ssb\/ssb.php?n=masZ190625&amp;f=0&amp;t=5\" width=\"650\" height=\"370\"><\/iframe>\r\n<p>Panagi\u00f3tis a raison, la Mac\u00e9doine est une r\u00e9gion b\u00e9nie des dieux, d\u00e9j\u00e0 elle abrite certes des eaux cristallines et de magnifiques plages, mais surtout, elle est riche d\u2019une multitude de tr\u00e9sors naturels et culturels autres que ce que l\u2019on trouve ailleurs en Gr\u00e8ce.<\/p>\r\n<p>Durant notre parcours, entre le mont Olympe et l\u2019extr\u00e9mit\u00e9 nord de la Mac\u00e9doine grecque, notre guide, en bon ethnologue et historien nous a beaucoup appris sur l\u2019histoire et sur les traditions de ce pays. Il a su nous faire d\u00e9couvrir les atouts dont dispose cette r\u00e9gion pour figurer \u00e0 notre avis dans les meilleurs spots de vacances familiales en Europe.<\/p>\r\n<p>Oui, Panagi\u00f3tis nous r\u00e9v\u00e9l\u00e9 son paradis secret !<\/p>\r\n<p>Chacune des sept journ\u00e9es comportaient bien ses belles surprises et ses anecdotes, car elle avait toujours quelque chose de diff\u00e9rent \u00e0 nous offrir. Les autours avec Panagi\u00f3tis sont le meilleur moyen pour partir en toute libert\u00e9 et souplesse \u00e0 la d\u00e9couverte des tr\u00e9sors de la Mac\u00e9doine, avec lui, les distances et les \u00e9tapes ne sont gu\u00e8re longues.<\/p>\r\n<p>Nous avons \u00e9galement ador\u00e9 cette belle nature, les montagnes, les lacs, les rivi\u00e8res et les for\u00eats, comme nous avons tant appr\u00e9ci\u00e9 l\u2019atmosph\u00e8re humaine plus authentique et mieux pr\u00e9serv\u00e9e ici qu\u2019en Gr\u00e8ce du sud. Panagi\u00f3tis a d\u2019ailleurs facilit\u00e9 nos \u00e9changes avec les habitants, nous avons donc pu apprendre pas mal de choses en direct, et par la m\u00eame occasion, nous avons \u00e9t\u00e9, si j\u2019ose dire, immerg\u00e9s dans la culture et dans l\u2019actualit\u00e9 du pays visit\u00e9.<\/p>\r\n<p>Nous avons enfin d\u00e9couvert les petites bourgades endormies autour du Lac Kerk\u00edni, son Monast\u00e8re, et aussi ces plats issus de la cuisine locale, que nous n\u2019avons jamais pu d\u00e9couvrir ailleurs en Gr\u00e8ce. Magique !<\/p>\r\n<p>C\u00f4t\u00e9 histoire, avec Panagi\u00f3tis, nous avons sillonn\u00e9 la r\u00e9gion entre le mont Olympe et les \u00e9tonnants sites mac\u00e9doniens antiques de Dion et de Verg\u00edna aux tombeaux des rois Mac\u00e9doniens, vraiment, la plus extraordinaire d\u00e9couverte arch\u00e9ologique r\u00e9alis\u00e9e en Gr\u00e8ce ces derni\u00e8res ann\u00e9es. Une r\u00e9v\u00e9lation pour nous car nous ne nous attentions pas.<\/p>\r\n<p>Sous les conseils de notre guide, et pour prolonger notre bon plaisir apr\u00e8s le voyage, nous avons achet\u00e9 du miel de montagne, des p\u00e2tes au lait de buffle et du vin local \u00e0 \u00c1no Por\u00f3\u00efa, ce magnifique village de montagne parmi les plus pittoresques de la r\u00e9gion du Lac Kerk\u00edni et du mont Bel\u00e8s. Panagi\u00f3tis nous a surtout fait go\u00fbter \u00e0 la Gr\u00e8ce&#8230; d\u2019antan loin des foules, et c\u2019est inestimable !<\/p>\r\n<p>Un grand merci \u00e0 Panagi\u00f3tis, nous y retournerons avec lui, en Mac\u00e9doine comme ailleurs en Gr\u00e8ce !<\/p><\/p>\r\n<em>Thecla &#038; sa Famille (Dublin, Irlande)<\/em>\r\n<\/div>\r\n","protected":false},"excerpt":{"rendered":"Nous sommes partis en famille durant une semaine et nous avons fait confiance \u00e0 Panagi\u00f3tis et \u00e0 sa mani\u00e8re de nous r\u00e9v\u00e9ler son pays autrement, d\u00e9couvrant cette Gr\u00e8ce du nord qui nous \u00e9tait totalement nouvelle et inconnue. Panagi\u00f3tis a raison, la Mac\u00e9doine est une r\u00e9gion b\u00e9nie des dieux, d\u00e9j\u00e0 elle abrite certes des eaux cristallines &hellip; <p class=\"link-more\"><a href=\"https:\/\/greceautrement.fr\/?p=1388\" class=\"more-link\">Continue reading<span class=\"screen-reader-text\"> \u00ab\u00a0Mac\u00e9doine par Thecla &#038; sa Famille\u00a0\u00bb<\/span><\/a><\/p>","protected":false},"author":2,"featured_media":0,"comment_status":"closed","ping_status":"open","sticky":false,"template":"","format":"standard","meta":{"footnotes":""},"categories":[1,23],"tags":[],"class_list":["post-1388","post","type-post","status-publish","format-standard","hentry","category-ava","category-maa"],"_links":{"self":[{"href":"https:\/\/greceautrement.fr\/index.php?rest_route=\/wp\/v2\/posts\/1388","targetHints":{"allow":["GET"]}}],"collection":[{"href":"https:\/\/greceautrement.fr\/index.php?rest_route=\/wp\/v2\/posts"}],"about":[{"href":"https:\/\/greceautrement.fr\/index.php?rest_route=\/wp\/v2\/types\/post"}],"author":[{"embeddable":true,"href":"https:\/\/greceautrement.fr\/index.php?rest_route=\/wp\/v2\/users\/2"}],"replies":[{"embeddable":true,"href":"https:\/\/greceautrement.fr\/index.php?rest_route=%2Fwp%2Fv2%2Fcomments&post=1388"}],"version-history":[{"count":0,"href":"https:\/\/greceautrement.fr\/index.php?rest_route=\/wp\/v2\/posts\/1388\/revisions"}],"wp:attachment":[{"href":"https:\/\/greceautrement.fr\/index.php?rest_route=%2Fwp%2Fv2%2Fmedia&parent=1388"}],"wp:term":[{"taxonomy":"category","embeddable":true,"href":"https:\/\/greceautrement.fr\/index.php?rest_route=%2Fwp%2Fv2%2Fcategories&post=1388"},{"taxonomy":"post_tag","embeddable":true,"href":"https:\/\/greceautrement.fr\/index.php?rest_route=%2Fwp%2Fv2%2Ftags&post=1388"}],"curies":[{"name":"wp","href":"https:\/\/api.w.org\/{rel}","templated":true}]}}